{"id":569,"date":"2017-06-10T09:44:38","date_gmt":"2017-06-10T08:44:38","guid":{"rendered":"https:\/\/test.oliscancatala.com\/?p=569"},"modified":"2022-08-16T19:58:01","modified_gmt":"2022-08-16T18:58:01","slug":"exito-en-benvinguts-a-pages-de-olis-can-catala","status":"publish","type":"post","link":"https:\/\/test.oliscancatala.com\/es\/exito-en-benvinguts-a-pages-de-olis-can-catala\/","title":{"rendered":"\u00c9xito en Benvinguts a PAG\u00c8S de Olis Can Catal\u00e0"},"content":{"rendered":"<p>Olis Can Catal\u00e0 valora como un \u00e9xito su primera participaci\u00f3n en <a href=\"http:\/\/benvingutsapages.cat\/\">Benvinguts a Pag\u00e8s<\/a>.<\/p>\n<h2>Benvinguts a Pag\u00e8s<\/h2>\n<p>Iniciativa en que <strong>el consumidor se acerca al productor<\/strong>\u00a0 para descubrir la procedencia de las producciones agrarias.<\/p>\n<p>Con la ilusi\u00f3n inicial al arranque de la jornada de puertas abiertas se ha conseguido llegar a una completa\u00a0<strong>satisfacci\u00f3n<\/strong>.<\/p>\n<p>Las fuertes <strong>tormentas primaverales<\/strong> con las que se abri\u00f3 el Benvinguts a Pag\u00e8s han dejado 16 valios\u00edsimos litros de agua.<\/p>\n<p>Pero la meteorolog\u00eda no pudo con las reservas de los organizados barceloneses.<\/p>\n<p>Aunque las lluvias han azotado al Baix Ebre a la postre han<strong> concentrado la afluencia<\/strong> a la jornada.<\/p>\n<p>Esa concentraci\u00f3n ha conllevado que la cata fuera m\u00e1s rica y<strong> diversa en opiniones<\/strong>.<\/p>\n<p>Quienes han podido disfrutar de la visita a la explotaci\u00f3n han aprendido a diferenciar las distintas variedades de olivos.<\/p>\n<p>Para los m\u00e1s peque\u00f1os la variedad morruda se puede llegar a distinguir de la sevillenca y la farga.<\/p>\n<p>En concreto se han podido ver de cerca las diferencias morfol\u00f3gicas entre las hojas, los brotes y la madera de las <strong>variedades aut\u00f3ctonas.<\/strong><\/p>\n<p>El sistema de cultivo avalado por el Consell Catal\u00e0 de la Producci\u00f3n Integrada ha sido el principal motivo de <strong>discusi\u00f3n y comentarios<\/strong>.<\/p>\n<p>Las <strong>familias preocupadas por una alimentaci\u00f3n sana y saludable<\/strong> han podido disfrutar de la oportunidad de catar los aceites v\u00edrgenes.<\/p>\n<p>S\u00f3lo los m\u00e1s sibaritas (alicantino alguno de ellos) han conseguido llegar a acercarse a las notas de cata de referencia.<\/p>\n<p>El gancho de la <strong>Venta de Proximidad<\/strong> del Aceite de Oliva Virgen Extra de <a href=\"https:\/\/test.oliscancatala.com\/\">Olis Can Catal\u00e0<\/a>\u00a0cierra una m\u00e1s que positiva valoraci\u00f3n del <a href=\"http:\/\/benvingutsapages.cat\/participants\/#!\/productes\/oli-olives\/establiment\/1878\">Benvingut a Pag\u00e8s 2017<\/a>.<\/p>\n<h2>Un nuevo enfoque m\u00e1s cercano para Olis Can Catal\u00e0.<\/h2>\n<p>Sin lugar a dudas la participaci\u00f3n en esta iniciativa impulsada por la <a href=\"http:\/\/www.alicia.cat\/ca\/\">Fundaci\u00f3 Alicia<\/a> y en coordinaci\u00f3n con la Generalitat, para el fomento de h\u00e1bitos alimenticios saludables por una parte y por la otra para el fomento de la actividad de turismo rural en la comarca del Baix Ebre, abren la puerta a un <strong>nuevo enfoque de la actividad haci\u00e9ndola precisamente m\u00e1s cercana, pr\u00f3xima y enriquecedora <\/strong>.<\/p>\n","protected":false},"excerpt":{"rendered":"<p>Olis Can Catal\u00e0 valora como un \u00e9xito su primera participaci\u00f3n en Benvinguts a Pag\u00e8s. Benvinguts a Pag\u00e8s Iniciativa en que el consumidor se acerca al productor\u00a0 para descubrir la procedencia&#8230;<\/p>\n","protected":false},"author":2,"featured_media":252,"comment_status":"closed","ping_status":"closed","sticky":false,"template":"","format":"standard","meta":{"footnotes":""},"categories":[2],"tags":[],"class_list":{"0":"post-569","1":"post","2":"type-post","3":"status-publish","4":"format-standard","5":"has-post-thumbnail","7":"category-sin-categorizar"},"_links":{"self":[{"href":"https:\/\/test.oliscancatala.com\/es\/wp-json\/wp\/v2\/posts\/569","targetHints":{"allow":["GET"]}}],"collection":[{"href":"https:\/\/test.oliscancatala.com\/es\/wp-json\/wp\/v2\/posts"}],"about":[{"href":"https:\/\/test.oliscancatala.com\/es\/wp-json\/wp\/v2\/types\/post"}],"author":[{"embeddable":true,"href":"https:\/\/test.oliscancatala.com\/es\/wp-json\/wp\/v2\/users\/2"}],"replies":[{"embeddable":true,"href":"https:\/\/test.oliscancatala.com\/es\/wp-json\/wp\/v2\/comments?post=569"}],"version-history":[{"count":2,"href":"https:\/\/test.oliscancatala.com\/es\/wp-json\/wp\/v2\/posts\/569\/revisions"}],"predecessor-version":[{"id":1048,"href":"https:\/\/test.oliscancatala.com\/es\/wp-json\/wp\/v2\/posts\/569\/revisions\/1048"}],"wp:featuredmedia":[{"embeddable":true,"href":"https:\/\/test.oliscancatala.com\/es\/wp-json\/wp\/v2\/media\/252"}],"wp:attachment":[{"href":"https:\/\/test.oliscancatala.com\/es\/wp-json\/wp\/v2\/media?parent=569"}],"wp:term":[{"taxonomy":"category","embeddable":true,"href":"https:\/\/test.oliscancatala.com\/es\/wp-json\/wp\/v2\/categories?post=569"},{"taxonomy":"post_tag","embeddable":true,"href":"https:\/\/test.oliscancatala.com\/es\/wp-json\/wp\/v2\/tags?post=569"}],"curies":[{"name":"wp","href":"https:\/\/api.w.org\/{rel}","templated":true}]}}