{"id":571,"date":"2017-11-02T00:49:28","date_gmt":"2017-11-01T23:49:28","guid":{"rendered":"https:\/\/test.oliscancatala.com\/?p=571"},"modified":"2022-08-16T21:55:24","modified_gmt":"2022-08-16T20:55:24","slug":"la-primera-gota-de-aceite-de-oliva-virgen-extra-viene-de-la-mano-de-la-milenaria-variedad-farga","status":"publish","type":"post","link":"https:\/\/test.oliscancatala.com\/es\/la-primera-gota-de-aceite-de-oliva-virgen-extra-viene-de-la-mano-de-la-milenaria-variedad-farga\/","title":{"rendered":"La primera gota de aceite de oliva virgen extra viene de la mano de la milenaria variedad &#8220;farga&#8221;"},"content":{"rendered":"[vc_row type=&#8221;in_container&#8221; full_screen_row_position=&#8221;middle&#8221; column_margin=&#8221;default&#8221; column_direction=&#8221;default&#8221; column_direction_tablet=&#8221;default&#8221; column_direction_phone=&#8221;default&#8221; scene_position=&#8221;center&#8221; text_color=&#8221;dark&#8221; text_align=&#8221;left&#8221; row_border_radius=&#8221;none&#8221; row_border_radius_applies=&#8221;bg&#8221; overlay_strength=&#8221;0.3&#8243; gradient_direction=&#8221;left_to_right&#8221; shape_divider_position=&#8221;bottom&#8221; bg_image_animation=&#8221;none&#8221;][vc_column column_padding=&#8221;no-extra-padding&#8221; column_padding_tablet=&#8221;inherit&#8221; column_padding_phone=&#8221;inherit&#8221; column_padding_position=&#8221;all&#8221; background_color_opacity=&#8221;1&#8243; background_hover_color_opacity=&#8221;1&#8243; column_shadow=&#8221;none&#8221; column_border_radius=&#8221;none&#8221; column_link_target=&#8221;_self&#8221; gradient_direction=&#8221;left_to_right&#8221; overlay_strength=&#8221;0.3&#8243; width=&#8221;1\/1&#8243; tablet_width_inherit=&#8221;default&#8221; tablet_text_alignment=&#8221;default&#8221; phone_text_alignment=&#8221;default&#8221; column_border_width=&#8221;none&#8221; column_border_style=&#8221;solid&#8221; bg_image_animation=&#8221;none&#8221;][vc_column_text]La primera gota de aceite de oliva virgen extra obtenida de las aceitunas de la milenaria variedad &#8220;farga&#8221; ya est\u00e1\u00a0sobre la mesa y junto a su afrutado descubrimos el aroma a romero.<\/p>\n<p><strong>Un fardo de emociones en Can Catal\u00e0.<\/strong><\/p>\n<p>De las primeras aceitunas y con mucho mimo llega la primera gota de aceite de oliva virgen extra en Can Catal\u00e0; emociones una tras otra.<\/p>\n<p>El virage del color rojizo de la aceituna presagia la inminencia de la maduraci\u00f3n y por tanto la plena efervescencia de aromas.<\/p>\n<p>Con las primeras lluvias del oto\u00f1o y ya entrado el mes de Octubre los olivos de la variedad Farga acaban de madurar la aceituna.<\/p>\n<p>Si bien es dif\u00edcil encontrar ejemplares de esta variedad \u00e1rabe, si lo conseguimos, seguramente su imponente porte nos cautivar\u00e1. Arraigada como nadie al suelo sus ra\u00edces lo exploran profundamente ofreciendo una lenta y plena maduraci\u00f3n.<\/p>\n<p><strong>Aceite de oliva<\/strong><\/p>\n<p>El equilibrio entre el amargor, la astringencia y el afrutado es la carta de presentaci\u00f3n del aceite.<\/p>\n<p>El maridaje del <a href=\"https:\/\/test.oliscancatala.com\/es\/los-aceites\/\">aceite de oliva virgen extra de la variedad Farga<\/a>, especialmente con el pescado, consigue hacer aflorar los matices de la almendra, alcachofa y romero que posee.<\/p>\n<p>De la tierra a la aceitera toda una explosi\u00f3n de aromas en un abrir y cerrar de ojos y todo con la primera gota de aceite de oliva virgen extra.[\/vc_column_text][\/vc_column][\/vc_row]\n","protected":false},"excerpt":{"rendered":"<p>[vc_row type=&#8221;in_container&#8221; full_screen_row_position=&#8221;middle&#8221; column_margin=&#8221;default&#8221; column_direction=&#8221;default&#8221; column_direction_tablet=&#8221;default&#8221; column_direction_phone=&#8221;default&#8221; scene_position=&#8221;center&#8221; text_color=&#8221;dark&#8221; text_align=&#8221;left&#8221; row_border_radius=&#8221;none&#8221; row_border_radius_applies=&#8221;bg&#8221; overlay_strength=&#8221;0.3&#8243; gradient_direction=&#8221;left_to_right&#8221; shape_divider_position=&#8221;bottom&#8221; bg_image_animation=&#8221;none&#8221;][vc_column column_padding=&#8221;no-extra-padding&#8221; column_padding_tablet=&#8221;inherit&#8221; column_padding_phone=&#8221;inherit&#8221; column_padding_position=&#8221;all&#8221; background_color_opacity=&#8221;1&#8243; background_hover_color_opacity=&#8221;1&#8243; column_shadow=&#8221;none&#8221; column_border_radius=&#8221;none&#8221; column_link_target=&#8221;_self&#8221; gradient_direction=&#8221;left_to_right&#8221; overlay_strength=&#8221;0.3&#8243; width=&#8221;1\/1&#8243; tablet_width_inherit=&#8221;default&#8221; tablet_text_alignment=&#8221;default&#8221;&#8230;<\/p>\n","protected":false},"author":2,"featured_media":248,"comment_status":"closed","ping_status":"closed","sticky":false,"template":"","format":"standard","meta":{"footnotes":""},"categories":[2],"tags":[],"class_list":{"0":"post-571","1":"post","2":"type-post","3":"status-publish","4":"format-standard","5":"has-post-thumbnail","7":"category-sin-categorizar"},"_links":{"self":[{"href":"https:\/\/test.oliscancatala.com\/es\/wp-json\/wp\/v2\/posts\/571","targetHints":{"allow":["GET"]}}],"collection":[{"href":"https:\/\/test.oliscancatala.com\/es\/wp-json\/wp\/v2\/posts"}],"about":[{"href":"https:\/\/test.oliscancatala.com\/es\/wp-json\/wp\/v2\/types\/post"}],"author":[{"embeddable":true,"href":"https:\/\/test.oliscancatala.com\/es\/wp-json\/wp\/v2\/users\/2"}],"replies":[{"embeddable":true,"href":"https:\/\/test.oliscancatala.com\/es\/wp-json\/wp\/v2\/comments?post=571"}],"version-history":[{"count":3,"href":"https:\/\/test.oliscancatala.com\/es\/wp-json\/wp\/v2\/posts\/571\/revisions"}],"predecessor-version":[{"id":1055,"href":"https:\/\/test.oliscancatala.com\/es\/wp-json\/wp\/v2\/posts\/571\/revisions\/1055"}],"wp:featuredmedia":[{"embeddable":true,"href":"https:\/\/test.oliscancatala.com\/es\/wp-json\/wp\/v2\/media\/248"}],"wp:attachment":[{"href":"https:\/\/test.oliscancatala.com\/es\/wp-json\/wp\/v2\/media?parent=571"}],"wp:term":[{"taxonomy":"category","embeddable":true,"href":"https:\/\/test.oliscancatala.com\/es\/wp-json\/wp\/v2\/categories?post=571"},{"taxonomy":"post_tag","embeddable":true,"href":"https:\/\/test.oliscancatala.com\/es\/wp-json\/wp\/v2\/tags?post=571"}],"curies":[{"name":"wp","href":"https:\/\/api.w.org\/{rel}","templated":true}]}}