{"id":577,"date":"2018-03-24T23:40:11","date_gmt":"2018-03-24T23:40:11","guid":{"rendered":"https:\/\/test.oliscancatala.com\/?p=577"},"modified":"2023-02-19T22:44:30","modified_gmt":"2023-02-19T21:44:30","slug":"temario-del-nuevo-curso-sobre-el-estudio-observacional-del-olivo-pistoletazo-de-salida-con-sincronizacion-de-primaveras","status":"publish","type":"post","link":"https:\/\/test.oliscancatala.com\/es\/temario-del-nuevo-curso-sobre-el-estudio-observacional-del-olivo-pistoletazo-de-salida-con-sincronizacion-de-primaveras\/","title":{"rendered":"Temario del nuevo curso sobre el estudio observacional del olivo; pistoletazo de salida con sincronizaci\u00f3n de primaveras."},"content":{"rendered":"[vc_row type=&#8221;in_container&#8221; full_screen_row_position=&#8221;middle&#8221; column_margin=&#8221;default&#8221; column_direction=&#8221;default&#8221; column_direction_tablet=&#8221;default&#8221; column_direction_phone=&#8221;default&#8221; scene_position=&#8221;center&#8221; text_color=&#8221;dark&#8221; text_align=&#8221;left&#8221; row_border_radius=&#8221;none&#8221; row_border_radius_applies=&#8221;bg&#8221; overlay_strength=&#8221;0.3&#8243; gradient_direction=&#8221;left_to_right&#8221; shape_divider_position=&#8221;bottom&#8221; bg_image_animation=&#8221;none&#8221;][vc_column column_padding=&#8221;no-extra-padding&#8221; column_padding_tablet=&#8221;inherit&#8221; column_padding_phone=&#8221;inherit&#8221; column_padding_position=&#8221;all&#8221; background_color_opacity=&#8221;1&#8243; background_hover_color_opacity=&#8221;1&#8243; column_shadow=&#8221;none&#8221; column_border_radius=&#8221;none&#8221; column_link_target=&#8221;_self&#8221; gradient_direction=&#8221;left_to_right&#8221; overlay_strength=&#8221;0.3&#8243; width=&#8221;1\/1&#8243; tablet_width_inherit=&#8221;default&#8221; tablet_text_alignment=&#8221;default&#8221; phone_text_alignment=&#8221;default&#8221; column_border_width=&#8221;none&#8221; column_border_style=&#8221;solid&#8221; bg_image_animation=&#8221;none&#8221;][vc_column_text]La <strong>primavera meteorol\u00f3gica<\/strong> se alinea con la <strong><a href=\"http:\/\/www.obsebre.url.edu\">primavera astron\u00f3mica<\/a><\/strong> y marca la salida al nuevo curso.<\/p>\n<p>A pesar de haber dejado atr\u00e1s el invierno la vegetaci\u00f3n se ha quedado aturdida por la \u00faltima nevada. Hasta 30 cm de espesor en las cumbres de Caro.<\/p>\n<h2>Pistoletazo de salida para las tres variedades de olivo. \u00bfCu\u00e1l se llevar\u00e1 premio?<\/h2>\n<p>Lo primero que veremos ser\u00e1 como la flor pretende asomar.<\/p>\n<p>Despertar\u00e1 a continuaci\u00f3n y con fuerza el brote. Realmente el seguimiento de <strong>la carrera entre la flor y el brote<\/strong> se convierte en una fijaci\u00f3n.<\/p>\n<p>Enfermiza es la obsesi\u00f3n por la floraci\u00f3n; d\u00edas largos.<\/p>\n<p>La fuerza de la naturaleza, con la explosi\u00f3n del verdor y el zumbido de\u00a0infinidad de animalillos, dibuja un entorno primaveral.<\/p>\n<p>En el olivo, <strong>la vitalidad se manifiesta r\u00e1pidamente<\/strong>; comedidamente en la variedad farga, con sensibilidad en la morruda y mediterr\u00e1neamente en la sevillenca.<\/p>\n<p>Mientras tanto los chupones (brotes no fruct\u00edferos que nacen de la parte central del \u00e1rbol) y los\u00a0hijuelos (brotes que nacen de la base del tronco) aspiran a ganar protagonismo.<\/p>\n<p>Con el cuajado &#8220;quien pasa un d\u00eda, del a\u00f1o tira&#8221;.<\/p>\n<p>Pero la realidad es que muchos de los peque\u00f1os frutos acabar\u00e1n cayendo r\u00e1pidamente.<\/p>\n<p>La crudeza del verano comenzar\u00e1 a hacer acto de presencia.<\/p>\n<p>El primer gran latigazo vendr\u00e1 con el endurecimiento del hueso; muchos frutos no podr\u00e1n seguir el ritmo y caer\u00e1n.<\/p>\n<p>En verano el repliegue se manifiesta con la sonrisa matinal de las hojas.<\/p>\n<p>Una tormenta en pleno del verano es el bien m\u00e1s preciado y el sue\u00f1o de cualquier mortal.<\/p>\n<p>El acortamiento del d\u00eda y la bajada de las temperaturas ponen en marcha el sprint final para\u00a0<strong>la maduraci\u00f3n de la aceituna<\/strong>.<\/p>\n<p>El viraje lento y escalonado de la aceituna acaba con viveza y brillo.<\/p>\n<p>Gas a fondo con la recolecci\u00f3n.<\/p>\n<p>Finalmente, llega la fiesta con la elaboraci\u00f3n del <strong><a href=\"https:\/\/test.oliscancatala.com\/es\/los-aceites\/\">aceite de oliva virgen extra<\/a><\/strong> de\u00a0Olis Can Catal\u00e0 y con la graduaci\u00f3n de ilusiones contenidas.[\/vc_column_text][\/vc_column][\/vc_row]\n","protected":false},"excerpt":{"rendered":"<p>[vc_row type=&#8221;in_container&#8221; full_screen_row_position=&#8221;middle&#8221; column_margin=&#8221;default&#8221; column_direction=&#8221;default&#8221; column_direction_tablet=&#8221;default&#8221; column_direction_phone=&#8221;default&#8221; scene_position=&#8221;center&#8221; text_color=&#8221;dark&#8221; text_align=&#8221;left&#8221; row_border_radius=&#8221;none&#8221; row_border_radius_applies=&#8221;bg&#8221; overlay_strength=&#8221;0.3&#8243; gradient_direction=&#8221;left_to_right&#8221; shape_divider_position=&#8221;bottom&#8221; bg_image_animation=&#8221;none&#8221;][vc_column column_padding=&#8221;no-extra-padding&#8221; column_padding_tablet=&#8221;inherit&#8221; column_padding_phone=&#8221;inherit&#8221; column_padding_position=&#8221;all&#8221; background_color_opacity=&#8221;1&#8243; background_hover_color_opacity=&#8221;1&#8243; column_shadow=&#8221;none&#8221; column_border_radius=&#8221;none&#8221; column_link_target=&#8221;_self&#8221; gradient_direction=&#8221;left_to_right&#8221; overlay_strength=&#8221;0.3&#8243; width=&#8221;1\/1&#8243; tablet_width_inherit=&#8221;default&#8221; tablet_text_alignment=&#8221;default&#8221;&#8230;<\/p>\n","protected":false},"author":2,"featured_media":348,"comment_status":"closed","ping_status":"closed","sticky":false,"template":"","format":"standard","meta":{"footnotes":""},"categories":[2],"tags":[],"class_list":{"0":"post-577","1":"post","2":"type-post","3":"status-publish","4":"format-standard","5":"has-post-thumbnail","7":"category-sin-categorizar"},"_links":{"self":[{"href":"https:\/\/test.oliscancatala.com\/es\/wp-json\/wp\/v2\/posts\/577","targetHints":{"allow":["GET"]}}],"collection":[{"href":"https:\/\/test.oliscancatala.com\/es\/wp-json\/wp\/v2\/posts"}],"about":[{"href":"https:\/\/test.oliscancatala.com\/es\/wp-json\/wp\/v2\/types\/post"}],"author":[{"embeddable":true,"href":"https:\/\/test.oliscancatala.com\/es\/wp-json\/wp\/v2\/users\/2"}],"replies":[{"embeddable":true,"href":"https:\/\/test.oliscancatala.com\/es\/wp-json\/wp\/v2\/comments?post=577"}],"version-history":[{"count":2,"href":"https:\/\/test.oliscancatala.com\/es\/wp-json\/wp\/v2\/posts\/577\/revisions"}],"predecessor-version":[{"id":1306,"href":"https:\/\/test.oliscancatala.com\/es\/wp-json\/wp\/v2\/posts\/577\/revisions\/1306"}],"wp:featuredmedia":[{"embeddable":true,"href":"https:\/\/test.oliscancatala.com\/es\/wp-json\/wp\/v2\/media\/348"}],"wp:attachment":[{"href":"https:\/\/test.oliscancatala.com\/es\/wp-json\/wp\/v2\/media?parent=577"}],"wp:term":[{"taxonomy":"category","embeddable":true,"href":"https:\/\/test.oliscancatala.com\/es\/wp-json\/wp\/v2\/categories?post=577"},{"taxonomy":"post_tag","embeddable":true,"href":"https:\/\/test.oliscancatala.com\/es\/wp-json\/wp\/v2\/tags?post=577"}],"curies":[{"name":"wp","href":"https:\/\/api.w.org\/{rel}","templated":true}]}}