{"id":581,"date":"2018-10-06T12:45:05","date_gmt":"2018-10-06T11:45:05","guid":{"rendered":"https:\/\/test.oliscancatala.com\/?p=581"},"modified":"2023-06-07T20:34:47","modified_gmt":"2023-06-07T19:34:47","slug":"fira-apat-con-el-aceite-de-oliva-virgen-extra-piedra-de-toque-para-olis-can-catala","status":"publish","type":"post","link":"https:\/\/test.oliscancatala.com\/es\/fira-apat-con-el-aceite-de-oliva-virgen-extra-piedra-de-toque-para-olis-can-catala\/","title":{"rendered":"Fira \u00c0pat con el aceite de oliva virgen extra; piedra de toque para Olis Can Catal\u00e0"},"content":{"rendered":"[vc_row type=&#8221;in_container&#8221; full_screen_row_position=&#8221;middle&#8221; column_margin=&#8221;default&#8221; column_direction=&#8221;default&#8221; column_direction_tablet=&#8221;default&#8221; column_direction_phone=&#8221;default&#8221; scene_position=&#8221;center&#8221; text_color=&#8221;dark&#8221; text_align=&#8221;left&#8221; row_border_radius=&#8221;none&#8221; row_border_radius_applies=&#8221;bg&#8221; overlay_strength=&#8221;0.3&#8243; gradient_direction=&#8221;left_to_right&#8221; shape_divider_position=&#8221;bottom&#8221; bg_image_animation=&#8221;none&#8221;][vc_column column_padding=&#8221;no-extra-padding&#8221; column_padding_tablet=&#8221;inherit&#8221; column_padding_phone=&#8221;inherit&#8221; column_padding_position=&#8221;all&#8221; background_color_opacity=&#8221;1&#8243; background_hover_color_opacity=&#8221;1&#8243; column_shadow=&#8221;none&#8221; column_border_radius=&#8221;none&#8221; column_link_target=&#8221;_self&#8221; gradient_direction=&#8221;left_to_right&#8221; overlay_strength=&#8221;0.3&#8243; width=&#8221;1\/1&#8243; tablet_width_inherit=&#8221;default&#8221; tablet_text_alignment=&#8221;default&#8221; phone_text_alignment=&#8221;default&#8221; column_border_width=&#8221;none&#8221; column_border_style=&#8221;solid&#8221; bg_image_animation=&#8221;none&#8221;][vc_column_text]Con la\u00a0<a href=\"http:\/\/fira-apat.cat\" target=\"_blank\" rel=\"noopener\"><strong>Fira-\u00c0pat 2018<\/strong><\/a> Olis Can Catal\u00e0\u00a0llega al <strong>centro comercial Las Arenas de Barcelona<\/strong>. El aceite de oliva virgen extra\u00a0compartir\u00e1 espacio con los mejores productos de proximidad.<\/p>\n<p>Fira-\u00c0pat\u00a02018; un recito ferial \u00fanico de productos de proximidad.Bajo la protecci\u00f3n de la <em>C\u00fapula Events<\/em>\u00a0<strong>el aceite maridar\u00e1<\/strong> con el vino, pan, embutido, queso, cerveza, caf\u00e9, chocolate,&#8230; y adem\u00e1s compartir\u00e1 la arena con los frutos del campo y del mar. En la terraza de la plaza a\u00f1adiremos una pizca de aire fresco con una perspectiva de 360 \u00b0.Con la luminosidad que atravesar\u00e1 los arcos de la fachada de la plaza el aceite de oliva brillar\u00e1.<\/p>\n<p>Con la\u00a0Fira-\u00c0pat\u00a02018\u00a0 Olis Can Catal\u00e0 da un nuevo impulso<strong> recortando las<\/strong><strong>\u00a0distancias<\/strong>. Esencias de naturaleza en un entorno privilegiado. Directamente del campo al cielo de Barcelona. Una oportunidad para que el <strong><a href=\"https:\/\/test.oliscancatala.com\/es\/los-aceites\/\">aceite de 0liva de Olis Can Catal\u00e0<\/a><\/strong> llegue a la mesa. La gastronom\u00eda y la agricultura de proximidad una vez m\u00e1s de la mano.<\/p>\n<p><strong>Donde nos pod\u00e9is encontrar<br \/>\n<\/strong>Estamos en el \u00a0Centro Comercial Las Arenas de Barcelona. Concretamente en el stand E1 de la C\u00fapula Events. Nos encontrar\u00e9is los 6, 7 y 8 de octubre.<\/p>\n<ul>\n<li>S\u00e1bado de 14:00 h a 20:00 h<\/li>\n<li>Domingo de 10:00 h a 14:00 y de 14:00 h a 20:00 h<\/li>\n<li>Lunes de\u00a010:00 h a 14:00.<\/li>\n<\/ul>\n<p><strong>Os esperamos.<\/strong>[\/vc_column_text][\/vc_column][\/vc_row]\n","protected":false},"excerpt":{"rendered":"<p>[vc_row type=&#8221;in_container&#8221; full_screen_row_position=&#8221;middle&#8221; column_margin=&#8221;default&#8221; column_direction=&#8221;default&#8221; column_direction_tablet=&#8221;default&#8221; column_direction_phone=&#8221;default&#8221; scene_position=&#8221;center&#8221; text_color=&#8221;dark&#8221; text_align=&#8221;left&#8221; row_border_radius=&#8221;none&#8221; row_border_radius_applies=&#8221;bg&#8221; overlay_strength=&#8221;0.3&#8243; gradient_direction=&#8221;left_to_right&#8221; shape_divider_position=&#8221;bottom&#8221; bg_image_animation=&#8221;none&#8221;][vc_column column_padding=&#8221;no-extra-padding&#8221; column_padding_tablet=&#8221;inherit&#8221; column_padding_phone=&#8221;inherit&#8221; column_padding_position=&#8221;all&#8221; background_color_opacity=&#8221;1&#8243; background_hover_color_opacity=&#8221;1&#8243; column_shadow=&#8221;none&#8221; column_border_radius=&#8221;none&#8221; column_link_target=&#8221;_self&#8221; gradient_direction=&#8221;left_to_right&#8221; overlay_strength=&#8221;0.3&#8243; width=&#8221;1\/1&#8243; tablet_width_inherit=&#8221;default&#8221; tablet_text_alignment=&#8221;default&#8221;&#8230;<\/p>\n","protected":false},"author":2,"featured_media":270,"comment_status":"closed","ping_status":"closed","sticky":false,"template":"","format":"standard","meta":{"footnotes":""},"categories":[2],"tags":[],"class_list":{"0":"post-581","1":"post","2":"type-post","3":"status-publish","4":"format-standard","5":"has-post-thumbnail","7":"category-sin-categorizar"},"_links":{"self":[{"href":"https:\/\/test.oliscancatala.com\/es\/wp-json\/wp\/v2\/posts\/581","targetHints":{"allow":["GET"]}}],"collection":[{"href":"https:\/\/test.oliscancatala.com\/es\/wp-json\/wp\/v2\/posts"}],"about":[{"href":"https:\/\/test.oliscancatala.com\/es\/wp-json\/wp\/v2\/types\/post"}],"author":[{"embeddable":true,"href":"https:\/\/test.oliscancatala.com\/es\/wp-json\/wp\/v2\/users\/2"}],"replies":[{"embeddable":true,"href":"https:\/\/test.oliscancatala.com\/es\/wp-json\/wp\/v2\/comments?post=581"}],"version-history":[{"count":4,"href":"https:\/\/test.oliscancatala.com\/es\/wp-json\/wp\/v2\/posts\/581\/revisions"}],"predecessor-version":[{"id":1483,"href":"https:\/\/test.oliscancatala.com\/es\/wp-json\/wp\/v2\/posts\/581\/revisions\/1483"}],"wp:featuredmedia":[{"embeddable":true,"href":"https:\/\/test.oliscancatala.com\/es\/wp-json\/wp\/v2\/media\/270"}],"wp:attachment":[{"href":"https:\/\/test.oliscancatala.com\/es\/wp-json\/wp\/v2\/media?parent=581"}],"wp:term":[{"taxonomy":"category","embeddable":true,"href":"https:\/\/test.oliscancatala.com\/es\/wp-json\/wp\/v2\/categories?post=581"},{"taxonomy":"post_tag","embeddable":true,"href":"https:\/\/test.oliscancatala.com\/es\/wp-json\/wp\/v2\/tags?post=581"}],"curies":[{"name":"wp","href":"https:\/\/api.w.org\/{rel}","templated":true}]}}