{"id":583,"date":"2018-12-06T01:07:55","date_gmt":"2018-12-06T00:07:55","guid":{"rendered":"https:\/\/test.oliscancatala.com\/?p=583"},"modified":"2022-08-16T23:01:11","modified_gmt":"2022-08-16T22:01:11","slug":"de-la-primera-presion-llega-el-aceite-de-oliva-mas-intenso","status":"publish","type":"post","link":"https:\/\/test.oliscancatala.com\/es\/de-la-primera-presion-llega-el-aceite-de-oliva-mas-intenso\/","title":{"rendered":"De la primera PRESION llega el aceite de oliva m\u00e1s INTENSO"},"content":{"rendered":"[vc_row type=&#8221;in_container&#8221; full_screen_row_position=&#8221;middle&#8221; column_margin=&#8221;default&#8221; column_direction=&#8221;default&#8221; column_direction_tablet=&#8221;default&#8221; column_direction_phone=&#8221;default&#8221; scene_position=&#8221;center&#8221; text_color=&#8221;dark&#8221; text_align=&#8221;left&#8221; row_border_radius=&#8221;none&#8221; row_border_radius_applies=&#8221;bg&#8221; overlay_strength=&#8221;0.3&#8243; gradient_direction=&#8221;left_to_right&#8221; shape_divider_position=&#8221;bottom&#8221; bg_image_animation=&#8221;none&#8221;][vc_column column_padding=&#8221;no-extra-padding&#8221; column_padding_tablet=&#8221;inherit&#8221; column_padding_phone=&#8221;inherit&#8221; column_padding_position=&#8221;all&#8221; background_color_opacity=&#8221;1&#8243; background_hover_color_opacity=&#8221;1&#8243; column_shadow=&#8221;none&#8221; column_border_radius=&#8221;none&#8221; column_link_target=&#8221;_self&#8221; gradient_direction=&#8221;left_to_right&#8221; overlay_strength=&#8221;0.3&#8243; width=&#8221;1\/1&#8243; tablet_width_inherit=&#8221;default&#8221; tablet_text_alignment=&#8221;default&#8221; phone_text_alignment=&#8221;default&#8221; column_border_width=&#8221;none&#8221; column_border_style=&#8221;solid&#8221; bg_image_animation=&#8221;none&#8221;][vc_column_text]El Aceite TURBIO, FRESCO y DULCE de la <strong>primera prensada<\/strong> ya est\u00e1 aqu\u00ed.<\/p>\n<p>En Can Catal\u00e0 el aceite del primer chorro llega este a\u00f1o de la mano de la variedad Sevillenca.<\/p>\n<p>Aprovechando el par\u00f3n de las fuertes lluvias de oto\u00f1o y escuchando de fondo el sonido relajante de las olas del barranco empezieza el <strong>vareo<\/strong> de las primeras aceitunas.<\/p>\n<p>Con una atm\u00f3sfera\u00a0profunda y un sol brillante la silueta del Mont Caro\u00a0domina\u00a0el espect\u00e1culo.<\/p>\n<p>Respetando el entorno, <strong>preservando el medio ambiente<\/strong> y conservando la naturaleza tambi\u00e9n es posible conseguir un aceite de primera calidad.<img loading=\"lazy\" decoding=\"async\" class=\"size-medium wp-image-242 alignright\" src=\"https:\/\/test.oliscancatala.com\/wp-content\/uploads\/2021\/03\/Olis-Can-Catala_El-primer-raig-doli-doliva-verge-extra_Recoleccio-300x225.png\" alt=\"\" width=\"300\" height=\"225\" srcset=\"https:\/\/test.oliscancatala.com\/wp-content\/uploads\/2021\/03\/Olis-Can-Catala_El-primer-raig-doli-doliva-verge-extra_Recoleccio-300x225.png 300w, https:\/\/test.oliscancatala.com\/wp-content\/uploads\/2021\/03\/Olis-Can-Catala_El-primer-raig-doli-doliva-verge-extra_Recoleccio.png 413w\" sizes=\"auto, (max-width: 300px) 100vw, 300px\" \/><\/p>\n<p>Adaptarse a la naturaleza y\u00a0lograrlo, especialmente en aquellos momentos en que \u00e9sta se manifiesta con toda su fuerza, exige esfuerzo.<\/p>\n<p><strong>El cuerpo del aceite es su sello.<\/strong><\/p>\n<p>Aceitunas verdes, aceitunas maduras y aceitunas que dudan en virar representan el fruto de 8-10 meses de ilusiones.<\/p>\n<p>Cuando el cuidado por el fruto durante la recolecci\u00f3n no tiene l\u00edmites y se convierte en una pasi\u00f3n su fruto es el aceite virgen.<\/p>\n<p>9 \u00e1rboles pluricentenarios nos regalan, tras dos jornadas de recolecci\u00f3n, 57 litros del mejor aceite de oliva virgen extra.<\/p>\n<p>Frutado intenso y maduro. Arom\u00e1ticamente complejo y fluido en boca.<\/p>\n<p>Con cuerpo y armon\u00eda.<\/p>\n<p>Unas gostas de aceite sobre una\u00a0tostada de pan\u00a0(desayuno) todo un placer a nuestro alcance. La exusa perfecta para regalarnos un instante.<\/p>\n<h2>Aceite Can Catal\u00e0 sin filtrar<\/h2>\n<p>Esto a\u00f1o hemos querido agregar\u00a0en la tienda online el <a href=\"https:\/\/test.oliscancatala.com\/es\/comprar\/aceite-oliva-fresco-sin-filtrar-en-rama\/\">Aceite Can Catal\u00e0 sin filtrar<\/a>.<\/p>\n<p>Aceite con un sabor y aroma m\u00e1s intensos. Rico en vitaminas.<\/p>\n<p>Jugo de aceituna, ideal para ali\u00f1ar la ensalada y para &#8220;rociar&#8221; la tostada &#8230;<\/p>\n<p>Aceite de\u00a0la primera\u00a0extraccci\u00f3n, directamente del campo a la mesa.[\/vc_column_text][\/vc_column][\/vc_row]\n","protected":false},"excerpt":{"rendered":"<p>[vc_row type=&#8221;in_container&#8221; full_screen_row_position=&#8221;middle&#8221; column_margin=&#8221;default&#8221; column_direction=&#8221;default&#8221; column_direction_tablet=&#8221;default&#8221; column_direction_phone=&#8221;default&#8221; scene_position=&#8221;center&#8221; text_color=&#8221;dark&#8221; text_align=&#8221;left&#8221; row_border_radius=&#8221;none&#8221; row_border_radius_applies=&#8221;bg&#8221; overlay_strength=&#8221;0.3&#8243; gradient_direction=&#8221;left_to_right&#8221; shape_divider_position=&#8221;bottom&#8221; bg_image_animation=&#8221;none&#8221;][vc_column column_padding=&#8221;no-extra-padding&#8221; column_padding_tablet=&#8221;inherit&#8221; column_padding_phone=&#8221;inherit&#8221; column_padding_position=&#8221;all&#8221; background_color_opacity=&#8221;1&#8243; background_hover_color_opacity=&#8221;1&#8243; column_shadow=&#8221;none&#8221; column_border_radius=&#8221;none&#8221; column_link_target=&#8221;_self&#8221; gradient_direction=&#8221;left_to_right&#8221; overlay_strength=&#8221;0.3&#8243; width=&#8221;1\/1&#8243; tablet_width_inherit=&#8221;default&#8221; tablet_text_alignment=&#8221;default&#8221;&#8230;<\/p>\n","protected":false},"author":2,"featured_media":246,"comment_status":"closed","ping_status":"closed","sticky":false,"template":"","format":"standard","meta":{"footnotes":""},"categories":[2],"tags":[],"class_list":{"0":"post-583","1":"post","2":"type-post","3":"status-publish","4":"format-standard","5":"has-post-thumbnail","7":"category-sin-categorizar"},"_links":{"self":[{"href":"https:\/\/test.oliscancatala.com\/es\/wp-json\/wp\/v2\/posts\/583","targetHints":{"allow":["GET"]}}],"collection":[{"href":"https:\/\/test.oliscancatala.com\/es\/wp-json\/wp\/v2\/posts"}],"about":[{"href":"https:\/\/test.oliscancatala.com\/es\/wp-json\/wp\/v2\/types\/post"}],"author":[{"embeddable":true,"href":"https:\/\/test.oliscancatala.com\/es\/wp-json\/wp\/v2\/users\/2"}],"replies":[{"embeddable":true,"href":"https:\/\/test.oliscancatala.com\/es\/wp-json\/wp\/v2\/comments?post=583"}],"version-history":[{"count":2,"href":"https:\/\/test.oliscancatala.com\/es\/wp-json\/wp\/v2\/posts\/583\/revisions"}],"predecessor-version":[{"id":1065,"href":"https:\/\/test.oliscancatala.com\/es\/wp-json\/wp\/v2\/posts\/583\/revisions\/1065"}],"wp:featuredmedia":[{"embeddable":true,"href":"https:\/\/test.oliscancatala.com\/es\/wp-json\/wp\/v2\/media\/246"}],"wp:attachment":[{"href":"https:\/\/test.oliscancatala.com\/es\/wp-json\/wp\/v2\/media?parent=583"}],"wp:term":[{"taxonomy":"category","embeddable":true,"href":"https:\/\/test.oliscancatala.com\/es\/wp-json\/wp\/v2\/categories?post=583"},{"taxonomy":"post_tag","embeddable":true,"href":"https:\/\/test.oliscancatala.com\/es\/wp-json\/wp\/v2\/tags?post=583"}],"curies":[{"name":"wp","href":"https:\/\/api.w.org\/{rel}","templated":true}]}}